{"id":100,"date":"2022-03-10T04:45:00","date_gmt":"2022-03-10T08:45:00","guid":{"rendered":"https:\/\/site.ac-martinique.fr\/sstrm\/?p=100"},"modified":"2022-03-31T16:03:18","modified_gmt":"2022-03-31T20:03:18","slug":"les-risques-majeurs-naturels-en-martinique","status":"publish","type":"post","link":"https:\/\/site.ac-martinique.fr\/sstrm\/2022\/03\/10\/les-risques-majeurs-naturels-en-martinique\/","title":{"rendered":"Les risques majeurs naturels en Martinique"},"content":{"rendered":"\n<p class=\"has-background\" style=\"background-color:#ddfeef\">La notion de risque naturel recouvre l\u2019ensemble des menaces que certains ph\u00e9nom\u00e8nes et al\u00e9as naturels font peser sur des populations, des ouvrages et des \u00e9quipements. Plus ou moins violents, ces \u00e9v\u00e8nements naturels sont toujours susceptibles d\u2019\u00eatre dangereux aux plans humain, \u00e9conomique ou environnemental. La pr\u00e9vention des risques naturels consiste \u00e0 s\u2019adapter \u00e0 ces ph\u00e9nom\u00e8nes pour r\u00e9duire, autant que possible leurs cons\u00e9quences pr\u00e9visibles et les dommages potentiels.<\/p>\n\n\n\n<ul class=\"wp-block-list\"><li><strong>En savoir plus sur les risques naturels et la mani\u00e8re de s&rsquo;y pr\u00e9parer:<\/strong> <a href=\"https:\/\/www.gouvernement.fr\/risques\/risques-naturels\">https:\/\/www.gouvernement.fr\/risques\/risques-naturels<\/a><\/li><li><a href=\"https:\/\/www.martinique.gouv.fr\/Politiques-publiques\/Securite-civile-Risques-majeurs\/Risques-majeurs\/Les-risques-naturels\">https:\/\/www.martinique.gouv.fr\/Politiques-publiques\/Securite-civile-Risques-majeurs\/Risques-majeurs\/Les-risques-naturels<\/a><\/li><\/ul>\n\n\n\n<div style=\"height:30px\" aria-hidden=\"true\" class=\"wp-block-spacer\"><\/div>\n\n\n\n<div class=\"wp-block-columns is-layout-flex wp-container-core-columns-is-layout-abceabcf wp-block-columns-is-layout-flex\">\n<div class=\"wp-block-column is-layout-flow wp-block-column-is-layout-flow\">\n<p><strong>Risque sismique et risque tsunami en Martinique:<\/strong> <a href=\"https:\/\/www.replik972.fr\/\">https:\/\/www.replik972.fr\/<\/a><\/p>\n\n\n\n<p><\/p>\n<\/div>\n\n\n\n<div class=\"wp-block-column is-layout-flow wp-block-column-is-layout-flow\">\n<figure class=\"wp-block-image size-full\"><img loading=\"lazy\" decoding=\"async\" width=\"600\" height=\"400\" src=\"https:\/\/site.ac-martinique.fr\/sstrm\/wp-content\/uploads\/sites\/111\/2022\/03\/risques_naturels-2.jpg\" alt=\"\" class=\"wp-image-546\" srcset=\"https:\/\/site.ac-martinique.fr\/sstrm\/wp-content\/uploads\/sites\/111\/2022\/03\/risques_naturels-2.jpg 600w, https:\/\/site.ac-martinique.fr\/sstrm\/wp-content\/uploads\/sites\/111\/2022\/03\/risques_naturels-2-300x200.jpg 300w, https:\/\/site.ac-martinique.fr\/sstrm\/wp-content\/uploads\/sites\/111\/2022\/03\/risques_naturels-2-150x100.jpg 150w, https:\/\/site.ac-martinique.fr\/sstrm\/wp-content\/uploads\/sites\/111\/2022\/03\/risques_naturels-2-225x150.jpg 225w\" sizes=\"auto, (max-width: 600px) 100vw, 600px\" \/><\/figure>\n<\/div>\n<\/div>\n\n\n\n<p class=\"has-text-align-center has-black-color has-light-green-cyan-background-color has-text-color has-background\" style=\"font-size:26px\"><strong>CARIBE WAVE 2022<\/strong><\/p>\n\n\n\n<div class=\"wp-block-columns is-layout-flex wp-container-core-columns-is-layout-abceabcf wp-block-columns-is-layout-flex\">\n<div class=\"wp-block-column is-layout-flow wp-block-column-is-layout-flow\" style=\"--col-width:100%;flex-basis:100%\">\n<div class=\"wp-block-columns is-layout-flex wp-container-core-columns-is-layout-abceabcf wp-block-columns-is-layout-flex\">\n<div class=\"wp-block-column is-vertically-aligned-center has-background is-layout-flow wp-block-column-is-layout-flow\" style=\"background:linear-gradient(135deg,rgb(255,245,203) 0%,rgb(182,227,212) 81%,rgb(51,167,181) 100%)\">\n<div class=\"wp-block-group\"><div class=\"wp-block-group__inner-container is-layout-flow wp-block-group-is-layout-flow\">\n<p>     <strong>Chaque ann\u00e9e depuis 2012, la Martinique participe \u00e0 l\u2019exercice de s\u00e9curit\u00e9 civile tsunami Caribe Wave. <\/strong><\/p>\n\n\n\n<p>  <strong>   Cet exercice est notamment l\u2019occasion de tester les moyens d\u2019alerte, dont le Signal National d\u2019Alerte des Mairies.<\/strong><\/p>\n<\/div><\/div>\n<\/div>\n\n\n\n<div class=\"wp-block-column is-layout-flow wp-block-column-is-layout-flow\">\n<figure class=\"wp-block-image size-full is-style-tw-frame\"><img loading=\"lazy\" decoding=\"async\" width=\"540\" height=\"335\" src=\"https:\/\/site.ac-martinique.fr\/sstrm\/wp-content\/uploads\/sites\/111\/2022\/03\/tsunami2-1.jpg\" alt=\"Panneaux\" class=\"wp-image-330\" srcset=\"https:\/\/site.ac-martinique.fr\/sstrm\/wp-content\/uploads\/sites\/111\/2022\/03\/tsunami2-1.jpg 540w, https:\/\/site.ac-martinique.fr\/sstrm\/wp-content\/uploads\/sites\/111\/2022\/03\/tsunami2-1-300x186.jpg 300w, https:\/\/site.ac-martinique.fr\/sstrm\/wp-content\/uploads\/sites\/111\/2022\/03\/tsunami2-1-150x93.jpg 150w, https:\/\/site.ac-martinique.fr\/sstrm\/wp-content\/uploads\/sites\/111\/2022\/03\/tsunami2-1-242x150.jpg 242w\" sizes=\"auto, (max-width: 540px) 100vw, 540px\" \/><figcaption><em>Signal\u00e9tique internationale.<\/em><\/figcaption><\/figure>\n<\/div>\n<\/div>\n<\/div>\n<\/div>\n\n\n\n<div class=\"wp-block-columns is-layout-flex wp-container-core-columns-is-layout-abceabcf wp-block-columns-is-layout-flex\">\n<div class=\"wp-block-column is-layout-flow wp-block-column-is-layout-flow\" style=\"--col-width:100%;flex-basis:100%\">\n<div class=\"wp-block-columns is-layout-flex wp-container-core-columns-is-layout-abceabcf wp-block-columns-is-layout-flex\">\n<div class=\"wp-block-column is-layout-flow wp-block-column-is-layout-flow\">\n<div data-wp-interactive=\"core\/file\" class=\"wp-block-file\"><object data-wp-bind--hidden=\"!state.hasPdfPreview\" hidden class=\"wp-block-file__embed\" data=\"https:\/\/site.ac-martinique.fr\/sstrm\/wp-content\/uploads\/sites\/111\/2022\/03\/Flyer-TSUNAMI-1.pdf\" type=\"application\/pdf\" style=\"width:100%;height:600px\" aria-label=\"Contenu embarqu\u00e9 Contenu embarqu\u00e9 Flyer-TSUNAMI-1..\"><\/object><a id=\"wp-block-file--media-f51917d4-4cd4-47c5-bb22-38630d8a5a1b\" href=\"https:\/\/site.ac-martinique.fr\/sstrm\/wp-content\/uploads\/sites\/111\/2022\/03\/Flyer-TSUNAMI-1.pdf\">Flyer-TSUNAMI-1<\/a><a href=\"https:\/\/site.ac-martinique.fr\/sstrm\/wp-content\/uploads\/sites\/111\/2022\/03\/Flyer-TSUNAMI-1.pdf\" class=\"wp-block-file__button\" download aria-describedby=\"wp-block-file--media-f51917d4-4cd4-47c5-bb22-38630d8a5a1b\">T\u00e9l\u00e9charger<\/a><\/div>\n<\/div>\n\n\n\n<div class=\"wp-block-column is-layout-flow wp-block-column-is-layout-flow\">\n<figure class=\"wp-block-audio\"><audio controls src=\"https:\/\/site.ac-martinique.fr\/sstrm\/wp-content\/uploads\/sites\/111\/2022\/03\/signal_national_d_alerte.mp3\"><\/audio><figcaption><strong>Signal_national_d_alerte<\/strong><\/figcaption><\/figure>\n\n\n\n<p><strong>Fiche se pr\u00e9parer \u00e0 \u00e9vacuer :<\/strong> <a href=\"https:\/\/site.ac-martinique.fr\/sstrm\/wp-content\/uploads\/sites\/111\/2022\/03\/Se-preparer-a-evacuer.pdf\">https:\/\/site.ac-martinique.fr\/sstrm\/wp-content\/uploads\/sites\/111\/2022\/03\/Se-preparer-a-evacuer.pdf<\/a><\/p>\n\n\n\n<p><strong>Fiche r\u00e9flexe tsunami :<\/strong> <a href=\"https:\/\/site.ac-martinique.fr\/sstrm\/wp-content\/uploads\/sites\/111\/2022\/03\/REF_Tsunami.pdf\">https:\/\/site.ac-martinique.fr\/sstrm\/wp-content\/uploads\/sites\/111\/2022\/03\/REF_Tsunami.pdf<\/a><\/p>\n\n\n\n<div data-wp-interactive=\"core\/file\" class=\"wp-block-file\"><object data-wp-bind--hidden=\"!state.hasPdfPreview\" hidden class=\"wp-block-file__embed\" data=\"https:\/\/site.ac-martinique.fr\/sstrm\/wp-content\/uploads\/sites\/111\/2022\/03\/Outils_CW21-1.pdf\" type=\"application\/pdf\" style=\"width:100%;height:280px\" aria-label=\"Contenu embarqu\u00e9 Contenu embarqu\u00e9 Diaporama Outils_CW21..\"><\/object><a id=\"wp-block-file--media-f4ca1e33-3f35-4601-8a0d-8c7a62161fe1\" href=\"https:\/\/site.ac-martinique.fr\/sstrm\/wp-content\/uploads\/sites\/111\/2022\/03\/Outils_CW21-1.pdf\">Diaporama Outils_CW21<\/a><a href=\"https:\/\/site.ac-martinique.fr\/sstrm\/wp-content\/uploads\/sites\/111\/2022\/03\/Outils_CW21-1.pdf\" class=\"wp-block-file__button\" download aria-describedby=\"wp-block-file--media-f4ca1e33-3f35-4601-8a0d-8c7a62161fe1\">T\u00e9l\u00e9charger<\/a><\/div>\n<\/div>\n<\/div>\n<\/div>\n<\/div>\n\n\n\n<ul class=\"wp-block-list\"><li>Seisme<\/li><li>Cyclones<\/li><li>Volcan<\/li><li>Inondations<\/li><li>Tsunami<\/li><\/ul>\n\n\n\n<p><\/p>\n\n\n\n<p>&nbsp;<\/p>\n","protected":false},"excerpt":{"rendered":"<p>La notion de risque naturel recouvre l\u2019ensemble des menaces que certains ph\u00e9nom\u00e8nes et al\u00e9as naturels font peser sur des populations, des ouvrages et des \u00e9quipements. Plus ou moins violents, ces \u00e9v\u00e8nements naturels sont toujours susceptibles d\u2019\u00eatre dangereux aux plans humain, \u00e9conomique ou environnemental. La pr\u00e9vention des risques naturels consiste \u00e0&#8230; <a class=\"continue-reading-link\" href=\"https:\/\/site.ac-martinique.fr\/sstrm\/2022\/03\/10\/les-risques-majeurs-naturels-en-martinique\/\">Lire la suite&#8230; <span class=\"meta-nav\">&rarr; <\/span><\/a><\/p>\n","protected":false},"author":326,"featured_media":0,"comment_status":"closed","ping_status":"closed","sticky":false,"template":"","format":"standard","meta":{"footnotes":""},"categories":[9],"tags":[],"class_list":["post-100","post","type-post","status-publish","format-standard","hentry","category-risques-majeurs"],"_links":{"self":[{"href":"https:\/\/site.ac-martinique.fr\/sstrm\/wp-json\/wp\/v2\/posts\/100","targetHints":{"allow":["GET"]}}],"collection":[{"href":"https:\/\/site.ac-martinique.fr\/sstrm\/wp-json\/wp\/v2\/posts"}],"about":[{"href":"https:\/\/site.ac-martinique.fr\/sstrm\/wp-json\/wp\/v2\/types\/post"}],"author":[{"embeddable":true,"href":"https:\/\/site.ac-martinique.fr\/sstrm\/wp-json\/wp\/v2\/users\/326"}],"replies":[{"embeddable":true,"href":"https:\/\/site.ac-martinique.fr\/sstrm\/wp-json\/wp\/v2\/comments?post=100"}],"version-history":[{"count":10,"href":"https:\/\/site.ac-martinique.fr\/sstrm\/wp-json\/wp\/v2\/posts\/100\/revisions"}],"predecessor-version":[{"id":548,"href":"https:\/\/site.ac-martinique.fr\/sstrm\/wp-json\/wp\/v2\/posts\/100\/revisions\/548"}],"wp:attachment":[{"href":"https:\/\/site.ac-martinique.fr\/sstrm\/wp-json\/wp\/v2\/media?parent=100"}],"wp:term":[{"taxonomy":"category","embeddable":true,"href":"https:\/\/site.ac-martinique.fr\/sstrm\/wp-json\/wp\/v2\/categories?post=100"},{"taxonomy":"post_tag","embeddable":true,"href":"https:\/\/site.ac-martinique.fr\/sstrm\/wp-json\/wp\/v2\/tags?post=100"}],"curies":[{"name":"wp","href":"https:\/\/api.w.org\/{rel}","templated":true}]}}